{"id":1176,"date":"2020-08-10T17:35:06","date_gmt":"2020-08-10T15:35:06","guid":{"rendered":"https:\/\/dkollektiv.org\/?p=1176"},"modified":"2020-09-28T18:02:58","modified_gmt":"2020-09-28T16:02:58","slug":"pp04-reamenagememt-interieur-de-la-de-won","status":"publish","type":"post","link":"https:\/\/dkollektiv.org\/dkollage\/2020\/08\/10\/pp04-reamenagememt-interieur-de-la-de-won\/","title":{"rendered":"PP04 &#8211; r\u00e9amenagememt int\u00e9rieur de la \u201cD(e) Won\u201d"},"content":{"rendered":"\n<figure class=\"wp-block-image size-large\"><img loading=\"lazy\" decoding=\"async\" width=\"966\" height=\"644\" src=\"https:\/\/dkollektiv.org\/wp-content\/uploads\/2020\/08\/pp03_01.jpg\" alt=\"\" class=\"wp-image-1194\" srcset=\"https:\/\/dkollektiv.org\/wp-content\/uploads\/2020\/08\/pp03_01.jpg 966w, https:\/\/dkollektiv.org\/wp-content\/uploads\/2020\/08\/pp03_01-300x200.jpg 300w, https:\/\/dkollektiv.org\/wp-content\/uploads\/2020\/08\/pp03_01-768x512.jpg 768w\" sizes=\"auto, (max-width: 966px) 100vw, 966px\" \/><\/figure>\n\n\n\n<p>Depuis le premier projet en 2016 notre \u00ab\u00a0Won\u00a0\u00bb, parfois aussi appel\u00e9 \u00ab\u00a0Bud\u00a0\u00bb, nous a servi de cuisine-caf\u00e9teria mobile. Une nouvelle structuration interieure nous donnera la possiblilt\u00e9 de mieux faire \u00e0 manger durant les nombreux projets participatifs des futures ann\u00e9es. Soyez les bienvenuEs \u00e0 participer \u00e0 la r\u00e9novation de cet \u00e9l\u00e9ment central de l&rsquo;atelier D. <\/p>\n\n\n\n<p><strong>Dates:<\/strong> samedi 5.9. (10-17h), jeudi 10.9. (16-20h), samedi 12.9. (10-17h), jeudi 17.9. (16-20h)<\/p>\n\n\n\n<p><strong>Modalit\u00e9s de participation:<\/strong> Merci de vous inscrire par mail \u00e0 info@dkollektiv.org<\/p>\n\n\n\n<p><\/p>\n","protected":false},"excerpt":{"rendered":"<p>Depuis le premier projet en 2016 notre \u00ab\u00a0Won\u00a0\u00bb, parfois aussi appel\u00e9 \u00ab\u00a0Bud\u00a0\u00bb, nous a servi de cuisine-caf\u00e9teria mobile. Une nouvelle structuration interieure nous donnera la possiblilt\u00e9 de mieux faire \u00e0 manger durant les nombreux projets participatifs des futures ann\u00e9es. Soyez les bienvenuEs \u00e0 participer \u00e0 la r\u00e9novation de cet \u00e9l\u00e9ment central de l&rsquo;atelier D. Dates: &#8230;<\/p>\n","protected":false},"author":2,"featured_media":0,"comment_status":"closed","ping_status":"open","sticky":false,"template":"","format":"standard","meta":{"footnotes":""},"categories":[12],"tags":[],"class_list":["post-1176","post","type-post","status-publish","format-standard","hentry","category-projets-participatifs"],"_links":{"self":[{"href":"https:\/\/dkollektiv.org\/dkollage\/wp-json\/wp\/v2\/posts\/1176","targetHints":{"allow":["GET"]}}],"collection":[{"href":"https:\/\/dkollektiv.org\/dkollage\/wp-json\/wp\/v2\/posts"}],"about":[{"href":"https:\/\/dkollektiv.org\/dkollage\/wp-json\/wp\/v2\/types\/post"}],"author":[{"embeddable":true,"href":"https:\/\/dkollektiv.org\/dkollage\/wp-json\/wp\/v2\/users\/2"}],"replies":[{"embeddable":true,"href":"https:\/\/dkollektiv.org\/dkollage\/wp-json\/wp\/v2\/comments?post=1176"}],"version-history":[{"count":5,"href":"https:\/\/dkollektiv.org\/dkollage\/wp-json\/wp\/v2\/posts\/1176\/revisions"}],"predecessor-version":[{"id":1220,"href":"https:\/\/dkollektiv.org\/dkollage\/wp-json\/wp\/v2\/posts\/1176\/revisions\/1220"}],"wp:attachment":[{"href":"https:\/\/dkollektiv.org\/dkollage\/wp-json\/wp\/v2\/media?parent=1176"}],"wp:term":[{"taxonomy":"category","embeddable":true,"href":"https:\/\/dkollektiv.org\/dkollage\/wp-json\/wp\/v2\/categories?post=1176"},{"taxonomy":"post_tag","embeddable":true,"href":"https:\/\/dkollektiv.org\/dkollage\/wp-json\/wp\/v2\/tags?post=1176"}],"curies":[{"name":"wp","href":"https:\/\/api.w.org\/{rel}","templated":true}]}}