{"id":1222,"date":"2020-09-25T17:24:03","date_gmt":"2020-09-25T15:24:03","guid":{"rendered":"https:\/\/dkollektiv.org\/?p=1222"},"modified":"2020-11-30T15:25:43","modified_gmt":"2020-11-30T14:25:43","slug":"pp-03-debut-de-lamenagement-exterieur","status":"publish","type":"post","link":"https:\/\/dkollektiv.org\/dkollage\/2020\/09\/25\/pp-03-debut-de-lamenagement-exterieur\/","title":{"rendered":"PP03 &#8211; D\u00e9but de l&rsquo;am\u00e9nagement ext\u00e9rieur"},"content":{"rendered":"\n<p><strong>1.10. &#8211; 17.10.2020<\/strong><\/p>\n\n\n\n<figure class=\"wp-block-image size-large\"><img loading=\"lazy\" decoding=\"async\" width=\"1024\" height=\"682\" src=\"https:\/\/dkollektiv.org\/wp-content\/uploads\/2020\/09\/thumbnail_20-01-amenagement-ext-1-1024x682.jpg\" alt=\"\" class=\"wp-image-1223\" srcset=\"https:\/\/dkollektiv.org\/wp-content\/uploads\/2020\/09\/thumbnail_20-01-amenagement-ext-1-1024x682.jpg 1024w, https:\/\/dkollektiv.org\/wp-content\/uploads\/2020\/09\/thumbnail_20-01-amenagement-ext-1-300x200.jpg 300w, https:\/\/dkollektiv.org\/wp-content\/uploads\/2020\/09\/thumbnail_20-01-amenagement-ext-1-768x511.jpg 768w, https:\/\/dkollektiv.org\/wp-content\/uploads\/2020\/09\/thumbnail_20-01-amenagement-ext-1.jpg 1280w\" sizes=\"auto, (max-width: 1024px) 100vw, 1024px\" \/><figcaption>Vision en 3D du mobilier urbain \u00e0 construire &#8211; \u00a9 DKollektiv \/ Eric Marx<\/figcaption><\/figure>\n\n\n\n<p>Lors de ce projet participatif, qui initiera l\u2019am\u00e9nagement de la cour devant le b\u00e2timent Vestiaires-wagonnage, nous construirons des \u00e9l\u00e9ments de mobilier urbain incluant des bacs \u00e0 plantations avec le bois d\u2019une vieille toiture recup\u00e9r\u00e9e. Des bouleaux qui devront \u00eatre abattus sur le site seront sauv\u00e9s et replant\u00e9s.<\/p>\n\n\n\n<p>L\u2019atelier s\u2019adresse \u00e0 toute personne, avec ou sans exp\u00e9rience dans les travaux manuels, dans le but de favoriser les \u00e9changes de savoir-faire dans une atmosph\u00e8re conviviale.<\/p>\n\n\n\n<p><strong>Partenaire: <\/strong>Urban Garden NeiSchmelz<\/p>\n\n\n\n<p><strong>Dates:<\/strong><\/p>\n\n\n\n<p>Jeudi 01.10., 18-20h : Introduction<\/p>\n\n\n\n<p>Jeudi 08.10, 16-20h : Construction<\/p>\n\n\n\n<p>Samedi 10.10, 10-18h : Construction<\/p>\n\n\n\n<p>Jeudi 15.10., 16-20h : Construction<\/p>\n\n\n\n<p>Samedi 17.10, 10-18h : Construction<br>Il n\u2019est pas n\u00e9cessaire d\u2019\u00eatre disponible \u00e0 toutes les dates.<br><br><strong>Modalit\u00e9s de participation :<\/strong><br><br>Merci de vous inscrire par mail \u00e0 info@dkollektiv.org<br>Groupe limit\u00e9 \u00e0 10 personnes.<br>Des mesures de pr\u00e9vention Covid sont mises en place.<br>Participation \u00e0 vos propres risques et p\u00e9rils.<\/p>\n","protected":false},"excerpt":{"rendered":"<p>1.10. &#8211; 17.10.2020 Lors de ce projet participatif, qui initiera l\u2019am\u00e9nagement de la cour devant le b\u00e2timent Vestiaires-wagonnage, nous construirons des \u00e9l\u00e9ments de mobilier urbain incluant des bacs \u00e0 plantations avec le bois d\u2019une vieille toiture recup\u00e9r\u00e9e. Des bouleaux qui devront \u00eatre abattus sur le site seront sauv\u00e9s et replant\u00e9s. L\u2019atelier s\u2019adresse \u00e0 toute personne, &#8230;<\/p>\n","protected":false},"author":2,"featured_media":0,"comment_status":"closed","ping_status":"open","sticky":false,"template":"","format":"standard","meta":{"footnotes":""},"categories":[12],"tags":[],"class_list":["post-1222","post","type-post","status-publish","format-standard","hentry","category-projets-participatifs"],"_links":{"self":[{"href":"https:\/\/dkollektiv.org\/dkollage\/wp-json\/wp\/v2\/posts\/1222","targetHints":{"allow":["GET"]}}],"collection":[{"href":"https:\/\/dkollektiv.org\/dkollage\/wp-json\/wp\/v2\/posts"}],"about":[{"href":"https:\/\/dkollektiv.org\/dkollage\/wp-json\/wp\/v2\/types\/post"}],"author":[{"embeddable":true,"href":"https:\/\/dkollektiv.org\/dkollage\/wp-json\/wp\/v2\/users\/2"}],"replies":[{"embeddable":true,"href":"https:\/\/dkollektiv.org\/dkollage\/wp-json\/wp\/v2\/comments?post=1222"}],"version-history":[{"count":8,"href":"https:\/\/dkollektiv.org\/dkollage\/wp-json\/wp\/v2\/posts\/1222\/revisions"}],"predecessor-version":[{"id":1241,"href":"https:\/\/dkollektiv.org\/dkollage\/wp-json\/wp\/v2\/posts\/1222\/revisions\/1241"}],"wp:attachment":[{"href":"https:\/\/dkollektiv.org\/dkollage\/wp-json\/wp\/v2\/media?parent=1222"}],"wp:term":[{"taxonomy":"category","embeddable":true,"href":"https:\/\/dkollektiv.org\/dkollage\/wp-json\/wp\/v2\/categories?post=1222"},{"taxonomy":"post_tag","embeddable":true,"href":"https:\/\/dkollektiv.org\/dkollage\/wp-json\/wp\/v2\/tags?post=1222"}],"curies":[{"name":"wp","href":"https:\/\/api.w.org\/{rel}","templated":true}]}}