{"id":1569,"date":"2021-05-07T21:19:04","date_gmt":"2021-05-07T19:19:04","guid":{"rendered":"https:\/\/dkollektiv.org\/?p=1569"},"modified":"2021-06-01T20:44:24","modified_gmt":"2021-06-01T18:44:24","slug":"daeishelleg","status":"publish","type":"post","link":"https:\/\/dkollektiv.org\/dkollage\/2021\/05\/07\/daeishelleg\/","title":{"rendered":"D&rsquo;\u00c4ishelleg &#8211; Les Saints de glace"},"content":{"rendered":"\n<p><strong>Inauguration de la cour \u00e0 la Neischmelz <\/strong>+ <strong>C\u00e9r\u00e9monie de plantation<\/strong> + <strong>Visites guid\u00e9es en continu du b\u00e2timent Vestiaire-Wagonnage <\/strong>+ <strong>Concert de Don Gio &amp; Roda<\/strong><\/p>\n\n\n\n<p><strong>Samedi 15 mai 2021<\/strong><\/p>\n\n\n\n<p><strong>14-17h<\/strong><\/p>\n\n\n\n<figure class=\"wp-block-image size-large\"><img loading=\"lazy\" decoding=\"async\" width=\"1024\" height=\"576\" src=\"https:\/\/dkollektiv.org\/wp-content\/uploads\/2021\/05\/150521_Dkollage_FacebookHeader_inauguration15mai-1024x576.jpeg\" alt=\"\" class=\"wp-image-1570\" srcset=\"https:\/\/dkollektiv.org\/wp-content\/uploads\/2021\/05\/150521_Dkollage_FacebookHeader_inauguration15mai-1024x576.jpeg 1024w, https:\/\/dkollektiv.org\/wp-content\/uploads\/2021\/05\/150521_Dkollage_FacebookHeader_inauguration15mai-300x169.jpeg 300w, https:\/\/dkollektiv.org\/wp-content\/uploads\/2021\/05\/150521_Dkollage_FacebookHeader_inauguration15mai-768x432.jpeg 768w, https:\/\/dkollektiv.org\/wp-content\/uploads\/2021\/05\/150521_Dkollage_FacebookHeader_inauguration15mai.jpeg 1280w\" sizes=\"auto, (max-width: 1024px) 100vw, 1024px\" \/><\/figure>\n\n\n\n<p>Pour cl\u00f4turer la phase 1 du DKOLLAGE, nous vous invitons \u00e0 venir voir l\u2019avancement des travaux dans le Vestiaire-Wagonnage et \u00e0 inaugurer la cour et les nouveaux am\u00e9nagements ext\u00e9rieurs en plantant une essence de votre choix dans les nouveaux bac \u00e0 plantes. <\/p>\n\n\n\n<p>Don Gio et Roda donnent leur premier concert depuis le d\u00e9but de la pand\u00e9mie dans le m\u00eame cadre qui a servi de coulisse au tournage du clip l\u00e9gendaire \u00ab\u00a0<a rel=\"noreferrer noopener\" href=\"https:\/\/youtu.be\/STlZqAOPpIM\" target=\"_blank\">One Love<\/a>\u00a0\u00bb en 2016.<\/p>\n\n\n\n<p><strong>14h<\/strong> <\/p>\n\n\n\n<p><strong>C\u00e9r\u00e9monie de plantation <\/strong><\/p>\n\n\n\n<p>En pr\u00e9sence du Bourgmestre et du Coll\u00e8ge \u00e9chevinal<\/p>\n\n\n\n<p>Visites guid\u00e9es en continu (par groupes de 9 personnes)<\/p>\n\n\n\n<p>Plantations (plantes disponibles)<\/p>\n\n\n\n<p>Projections et animations par le Foto Club <\/p>\n\n\n\n<p>Ambient playlist curated by Jerry Baldrian (Daily Vacation)<\/p>\n\n\n\n<p><strong>16h<\/strong> <\/p>\n\n\n\n<p><strong>Concert &#8211; Don Gio &amp; Roda<\/strong><\/p>\n\n\n\n<p>Open air &#8211; Gem\u00e9isb\u00fchn <\/p>\n\n\n\n<p><\/p>\n\n\n\n<p><\/p>\n\n\n\n<p><em>Modalit\u00e9s de participation et mesures sanitaires<\/em>:<\/p>\n\n\n\n<p>L&rsquo;entr\u00e9e est libre mais l&rsquo;inscription est obligatoire via le <a href=\"https:\/\/dkollektiv.org\/dkollage-2\/\">l&rsquo;inscription en-ligne DKOLLAGE<\/a> ou par mail \u00e0 info@dkollektiv.org. <\/p>\n\n\n\n<p>Le concert a lieu a l&rsquo;ext\u00e9rieur dans la cour sur la nouvelle \u00ab\u00a0Gem\u00e9isb\u00fchn\u00a0\u00bb et en accord avec les mesures sanitaires en vigeur. Celles-ci pr\u00e9scrivent jusqu&rsquo;au 15.5. inclus, une limite de 100 personnes pour le public, n\u00e9cessairement assis, avec distanciation et port de masque. Il n&rsquo;y aura pas de vente de boissons ni de petite restauration.<\/p>\n\n\n\n<p>Il sera \u00e9galement possible de suivre le concert en streaming. Des informations suivront sous peu.<\/p>\n\n\n\n<div class=\"wp-block-buttons is-layout-flex wp-block-buttons-is-layout-flex\">\n<div class=\"wp-block-button\"><a class=\"wp-block-button__link\" href=\"https:\/\/dkollektiv.org\/dkollage-2\/\" target=\"_blank\" rel=\"noreferrer noopener\">Je m&rsquo;inscris!<\/a><\/div>\n<\/div>\n\n\n\n<p><\/p>\n\n\n\n<p><\/p>\n","protected":false},"excerpt":{"rendered":"<p>Inauguration de la cour \u00e0 la Neischmelz + C\u00e9r\u00e9monie de plantation + Visites guid\u00e9es en continu du b\u00e2timent Vestiaire-Wagonnage + Concert de Don Gio &amp; Roda Samedi 15 mai 2021 14-17h Pour cl\u00f4turer la phase 1 du DKOLLAGE, nous vous invitons \u00e0 venir voir l\u2019avancement des travaux dans le Vestiaire-Wagonnage et \u00e0 inaugurer la cour &#8230;<\/p>\n","protected":false},"author":2,"featured_media":0,"comment_status":"closed","ping_status":"open","sticky":false,"template":"","format":"standard","meta":{"footnotes":""},"categories":[14,8],"tags":[],"class_list":["post-1569","post","type-post","status-publish","format-standard","hentry","category-dkollage","category-events"],"_links":{"self":[{"href":"https:\/\/dkollektiv.org\/dkollage\/wp-json\/wp\/v2\/posts\/1569","targetHints":{"allow":["GET"]}}],"collection":[{"href":"https:\/\/dkollektiv.org\/dkollage\/wp-json\/wp\/v2\/posts"}],"about":[{"href":"https:\/\/dkollektiv.org\/dkollage\/wp-json\/wp\/v2\/types\/post"}],"author":[{"embeddable":true,"href":"https:\/\/dkollektiv.org\/dkollage\/wp-json\/wp\/v2\/users\/2"}],"replies":[{"embeddable":true,"href":"https:\/\/dkollektiv.org\/dkollage\/wp-json\/wp\/v2\/comments?post=1569"}],"version-history":[{"count":20,"href":"https:\/\/dkollektiv.org\/dkollage\/wp-json\/wp\/v2\/posts\/1569\/revisions"}],"predecessor-version":[{"id":1643,"href":"https:\/\/dkollektiv.org\/dkollage\/wp-json\/wp\/v2\/posts\/1569\/revisions\/1643"}],"wp:attachment":[{"href":"https:\/\/dkollektiv.org\/dkollage\/wp-json\/wp\/v2\/media?parent=1569"}],"wp:term":[{"taxonomy":"category","embeddable":true,"href":"https:\/\/dkollektiv.org\/dkollage\/wp-json\/wp\/v2\/categories?post=1569"},{"taxonomy":"post_tag","embeddable":true,"href":"https:\/\/dkollektiv.org\/dkollage\/wp-json\/wp\/v2\/tags?post=1569"}],"curies":[{"name":"wp","href":"https:\/\/api.w.org\/{rel}","templated":true}]}}